{"id":181,"date":"2025-12-30T18:37:07","date_gmt":"2025-12-30T17:37:07","guid":{"rendered":"https:\/\/test2026.zdiar.eu\/?p=181"},"modified":"2025-12-30T18:37:08","modified_gmt":"2025-12-30T17:37:08","slug":"chalupa-za-lesikom","status":"publish","type":"post","link":"https:\/\/test2026.zdiar.eu\/en\/chalupa-za-lesikom\/","title":{"rendered":"Chalupa a Apartm\u00e1n Za Les\u00edkom"},"content":{"rendered":"<p>[et_pb_section fb_built=&#8220;1&#8243; theme_builder_area=&#8220;post_content&#8220; _builder_version=&#8220;4.27.5&#8243; _module_preset=&#8220;default&#8220;][et_pb_row _builder_version=&#8220;4.27.5&#8243; _module_preset=&#8220;default&#8220; global_colors_info=&#8220;{}&#8220; global_module=&#8220;179&#8243; theme_builder_area=&#8220;post_content&#8220;][et_pb_column type=&#8220;4_4&#8243; _builder_version=&#8220;4.27.5&#8243; _module_preset=&#8220;default&#8220; global_colors_info=&#8220;{}&#8220; theme_builder_area=&#8220;post_content&#8220;][et_pb_blurb title=&#8220;Chalupa a Apartm\u00e1n Za Les\u00edkom&#8220; url=&#8220;https:\/\/ubytovanie.zdiar.eu&#8220; url_new_window=&#8220;on&#8220; image=&#8220;https:\/\/test2026.zdiar.eu\/wp-content\/uploads\/2025\/12\/chalupa_zalesikom.jpg&#8220; _builder_version=&#8220;4.27.5&#8243; _module_preset=&#8220;default&#8220; link_option_url_new_window=&#8220;on&#8220; hover_enabled=&#8220;0&#8243; border_radii_image=&#8220;on|10px|10px|10px|10px&#8220; global_colors_info=&#8220;{}&#8220; theme_builder_area=&#8220;post_content&#8220; title_text=&#8220;chalupa_zalesikom&#8220; sticky_enabled=&#8220;0&#8243;]<\/p>\n<p><strong>web:<\/strong> <a href=\"https:\/\/ubytovaniezdiar.eu\">https:\/\/zalesikom.sk<\/a><br \/><strong>Tel:<\/strong> +421 904 408133<br \/><strong>email:<\/strong> zalesikom(at)gmail.com<br \/><strong>kapacita:<\/strong> 14 + 5<\/p>\n<p>Dve ubytovacie jednotky, <strong>Chalupa za les\u00edkom<\/strong> 5x izba, 2x hala s jed\u00e1l\u0148ou, 2x\u00a0 soci\u00e1lne zariadenie a <strong>Apartm\u00e1n za les\u00edkom<\/strong>\u00a0<\/p>\n<p>[\/et_pb_blurb][\/et_pb_column][\/et_pb_row][\/et_pb_section]<\/p>","protected":false},"excerpt":{"rendered":"<p>web: https:\/\/zalesikom.skTel: +421 904 408133email: zalesikom(at)gmail.comkapacita: 14 + 5 Dve ubytovacie jednotky, Chalupa za les\u00edkom 5x izba, 2x hala s jed\u00e1l\u0148ou, 2x\u00a0 soci\u00e1lne zariadenie a Apartm\u00e1n za les\u00edkom\u00a0<\/p>","protected":false},"author":1,"featured_media":0,"comment_status":"open","ping_status":"open","sticky":false,"template":"","format":"standard","meta":{"_et_pb_use_builder":"on","_et_pb_old_content":"","_et_gb_content_width":"","_monsterinsights_skip_tracking":false,"_monsterinsights_sitenote_active":false,"_monsterinsights_sitenote_note":"","_monsterinsights_sitenote_category":0,"footnotes":""},"categories":[28],"tags":[],"class_list":["post-181","post","type-post","status-publish","format-standard","hentry","category-odkaz-chaty"],"aioseo_notices":[],"_links":{"self":[{"href":"https:\/\/test2026.zdiar.eu\/en\/wp-json\/wp\/v2\/posts\/181","targetHints":{"allow":["GET"]}}],"collection":[{"href":"https:\/\/test2026.zdiar.eu\/en\/wp-json\/wp\/v2\/posts"}],"about":[{"href":"https:\/\/test2026.zdiar.eu\/en\/wp-json\/wp\/v2\/types\/post"}],"author":[{"embeddable":true,"href":"https:\/\/test2026.zdiar.eu\/en\/wp-json\/wp\/v2\/users\/1"}],"replies":[{"embeddable":true,"href":"https:\/\/test2026.zdiar.eu\/en\/wp-json\/wp\/v2\/comments?post=181"}],"version-history":[{"count":3,"href":"https:\/\/test2026.zdiar.eu\/en\/wp-json\/wp\/v2\/posts\/181\/revisions"}],"predecessor-version":[{"id":191,"href":"https:\/\/test2026.zdiar.eu\/en\/wp-json\/wp\/v2\/posts\/181\/revisions\/191"}],"wp:attachment":[{"href":"https:\/\/test2026.zdiar.eu\/en\/wp-json\/wp\/v2\/media?parent=181"}],"wp:term":[{"taxonomy":"category","embeddable":true,"href":"https:\/\/test2026.zdiar.eu\/en\/wp-json\/wp\/v2\/categories?post=181"},{"taxonomy":"post_tag","embeddable":true,"href":"https:\/\/test2026.zdiar.eu\/en\/wp-json\/wp\/v2\/tags?post=181"}],"curies":[{"name":"wp","href":"https:\/\/api.w.org\/{rel}","templated":true}]}}